{"id":12381,"date":"2024-10-08T10:38:14","date_gmt":"2024-10-08T02:38:14","guid":{"rendered":"https:\/\/www.omccable.com\/?p=12381"},"modified":"2024-10-08T16:10:19","modified_gmt":"2024-10-08T08:10:19","slug":"omcs-2024-ecoc-exhibition-came-to-a-successful-conclusion","status":"publish","type":"post","link":"https:\/\/www.omccable.com\/pt\/omcs-2024-ecoc-exhibition-came-to-a-successful-conclusion\/","title":{"rendered":"A exposi\u00e7\u00e3o ECOC 2024 da OMC foi conclu\u00edda com sucesso"},"content":{"rendered":"<div class=\"flex-shrink-0 flex flex-col relative items-end\">\n<div>\n<div class=\"pt-0\">\n<div class=\"gizmo-bot-avatar flex h-8 w-8 items-center justify-center overflow-hidden rounded-full\">\n<div class=\"relative p-1 rounded-sm flex items-center justify-center bg-token-main-surface-primary text-token-text-primary h-8 w-8\"><span style=\"font-size: 16px;\">Estamos honrados por ter participado como expositores na exposi\u00e7\u00e3o ECOC 2024 na Alemanha, um evento anual significativo na ind\u00fastria de comunica\u00e7\u00e3o \u00f3ptica. A exposi\u00e7\u00e3o foi realizada de 23 a 25 de setembro de 2024, reunindo os principais especialistas do setor e os mais recentes avan\u00e7os tecnol\u00f3gicos de todo o mundo.<\/span><\/div>\n<\/div>\n<\/div>\n<div>\u00a0<img fetchpriority=\"high\" decoding=\"async\" class=\"alignnone size-large wp-image-13087\" src=\"https:\/\/www.omcftth.com\/wp-content\/uploads\/2024\/10\/IMG_7664-768x1024.jpg\" alt=\"OMC's 2024 ECOC exhibition\" width=\"768\" height=\"1024\" \/><\/div>\n<div><img decoding=\"async\" class=\"alignnone size-large wp-image-13088\" style=\"font-style: inherit; font-weight: inherit;\" src=\"https:\/\/www.omcftth.com\/wp-content\/uploads\/2024\/10\/IMG_7820-1024x768.jpg\" alt=\"OMC's 2024 ECOC exhibition\" width=\"1024\" height=\"768\" \/><\/div>\n<\/div>\n<\/div>\n<div>Durante a exposi\u00e7\u00e3o, participamos de discuss\u00f5es aprofundadas com visitantes e outros expositores de todo o mundo. Por meio dessas intera\u00e7\u00f5es, exploramos tend\u00eancias do setor, desafios tecnol\u00f3gicos e oportunidades futuras. Este evento n\u00e3o s\u00f3 fortaleceu as nossas conex\u00f5es com a ind\u00fastria, mas tamb\u00e9m nos forneceu um feedback valioso do mercado, ajudando-nos a melhor atender \u00e0s necessidades dos nossos clientes.<\/div>\n<div><\/div>\n<div>Para proteger a privacidade do cliente, aplicamos um efeito mosaico.<\/div>\n<div><img decoding=\"async\" class=\"alignnone size-large wp-image-13089\" src=\"https:\/\/www.omcftth.com\/wp-content\/uploads\/2024\/10\/122132123-1024x853.jpg\" alt=\"OMC's 2024 ECOC exhibition\" width=\"1024\" height=\"853\" \/><\/div>\n<div>\n<p>Agradecemos sinceramente a todos os amigos e parceiros que visitaram nosso estande. Seu apoio \u00e9 nossa for\u00e7a motriz para inova\u00e7\u00e3o cont\u00ednua. Embora a exposi\u00e7\u00e3o tenha sido conclu\u00edda, a nossa explora\u00e7\u00e3o e progresso n\u00e3o ir\u00e3o parar. Esperamos continuar nossa colabora\u00e7\u00e3o com voc\u00ea em projetos futuros para avan\u00e7armos juntos no desenvolvimento da tecnologia de comunica\u00e7\u00e3o \u00f3ptica.<\/p>\n<p><img loading=\"lazy\" decoding=\"async\" class=\"alignnone size-large wp-image-13091\" src=\"https:\/\/www.omcftth.com\/wp-content\/uploads\/2024\/10\/IMG_8071-768x1024.jpg\" alt=\"OMC's 2024 ECOC exhibition\" width=\"768\" height=\"1024\" \/><\/p>\n<p><img loading=\"lazy\" decoding=\"async\" class=\"alignnone size-large wp-image-13090\" src=\"https:\/\/www.omcftth.com\/wp-content\/uploads\/2024\/10\/IMG_7994-1-768x1024.jpg\" alt=\"OMC's 2024 ECOC exhibition\" width=\"768\" height=\"1024\" \/><\/p>\n<p>Fique atento ao nosso site para obter mais informa\u00e7\u00f5es sobre nossas mais recentes tecnologias, produtos e eventos futuros.<\/p>\n<\/div>","protected":false},"excerpt":{"rendered":"<p>Estamos honrados por ter participado como expositores na exposi\u00e7\u00e3o ECOC 2024 na Alemanha, um evento anual significativo na ind\u00fastria de comunica\u00e7\u00e3o \u00f3ptica. A exposi\u00e7\u00e3o foi realizada de 23 a 25 de setembro de 2024, reunindo os principais especialistas do setor e os mais recentes avan\u00e7os tecnol\u00f3gicos de todo o mundo.   Durante a exposi\u00e7\u00e3o, nos envolvemos [...]<\/p>","protected":false},"author":2,"featured_media":12382,"comment_status":"closed","ping_status":"closed","sticky":false,"template":"","format":"standard","meta":{"site-sidebar-layout":"default","site-content-layout":"","ast-site-content-layout":"default","site-content-style":"default","site-sidebar-style":"default","ast-global-header-display":"","ast-banner-title-visibility":"","ast-main-header-display":"","ast-hfb-above-header-display":"","ast-hfb-below-header-display":"","ast-hfb-mobile-header-display":"","site-post-title":"","ast-breadcrumbs-content":"","ast-featured-img":"","footer-sml-layout":"","theme-transparent-header-meta":"default","adv-header-id-meta":"","stick-header-meta":"default","header-above-stick-meta":"","header-main-stick-meta":"","header-below-stick-meta":"","astra-migrate-meta-layouts":"set","ast-page-background-enabled":"default","ast-page-background-meta":{"desktop":{"background-color":"var(--ast-global-color-4)","background-image":"","background-repeat":"repeat","background-position":"center center","background-size":"auto","background-attachment":"scroll","background-type":"","background-media":"","overlay-type":"","overlay-color":"","overlay-gradient":""},"tablet":{"background-color":"","background-image":"","background-repeat":"repeat","background-position":"center center","background-size":"auto","background-attachment":"scroll","background-type":"","background-media":"","overlay-type":"","overlay-color":"","overlay-gradient":""},"mobile":{"background-color":"","background-image":"","background-repeat":"repeat","background-position":"center center","background-size":"auto","background-attachment":"scroll","background-type":"","background-media":"","overlay-type":"","overlay-color":"","overlay-gradient":""}},"ast-content-background-meta":{"desktop":{"background-color":"var(--ast-global-color-5)","background-image":"","background-repeat":"repeat","background-position":"center center","background-size":"auto","background-attachment":"scroll","background-type":"","background-media":"","overlay-type":"","overlay-color":"","overlay-gradient":""},"tablet":{"background-color":"var(--ast-global-color-5)","background-image":"","background-repeat":"repeat","background-position":"center center","background-size":"auto","background-attachment":"scroll","background-type":"","background-media":"","overlay-type":"","overlay-color":"","overlay-gradient":""},"mobile":{"background-color":"var(--ast-global-color-5)","background-image":"","background-repeat":"repeat","background-position":"center center","background-size":"auto","background-attachment":"scroll","background-type":"","background-media":"","overlay-type":"","overlay-color":"","overlay-gradient":""}},"footnotes":""},"categories":[1],"tags":[],"class_list":["post-12381","post","type-post","status-publish","format-standard","has-post-thumbnail","hentry","category-news"],"acf":[],"_links":{"self":[{"href":"https:\/\/www.omccable.com\/pt\/wp-json\/wp\/v2\/posts\/12381","targetHints":{"allow":["GET"]}}],"collection":[{"href":"https:\/\/www.omccable.com\/pt\/wp-json\/wp\/v2\/posts"}],"about":[{"href":"https:\/\/www.omccable.com\/pt\/wp-json\/wp\/v2\/types\/post"}],"author":[{"embeddable":true,"href":"https:\/\/www.omccable.com\/pt\/wp-json\/wp\/v2\/users\/2"}],"replies":[{"embeddable":true,"href":"https:\/\/www.omccable.com\/pt\/wp-json\/wp\/v2\/comments?post=12381"}],"version-history":[{"count":2,"href":"https:\/\/www.omccable.com\/pt\/wp-json\/wp\/v2\/posts\/12381\/revisions"}],"predecessor-version":[{"id":12385,"href":"https:\/\/www.omccable.com\/pt\/wp-json\/wp\/v2\/posts\/12381\/revisions\/12385"}],"wp:featuredmedia":[{"embeddable":true,"href":"https:\/\/www.omccable.com\/pt\/wp-json\/wp\/v2\/media\/12382"}],"wp:attachment":[{"href":"https:\/\/www.omccable.com\/pt\/wp-json\/wp\/v2\/media?parent=12381"}],"wp:term":[{"taxonomy":"category","embeddable":true,"href":"https:\/\/www.omccable.com\/pt\/wp-json\/wp\/v2\/categories?post=12381"},{"taxonomy":"post_tag","embeddable":true,"href":"https:\/\/www.omccable.com\/pt\/wp-json\/wp\/v2\/tags?post=12381"}],"curies":[{"name":"wp","href":"https:\/\/api.w.org\/{rel}","templated":true}]}}