{"id":12381,"date":"2024-10-08T10:38:14","date_gmt":"2024-10-08T02:38:14","guid":{"rendered":"https:\/\/www.omccable.com\/?p=12381"},"modified":"2024-10-08T16:10:19","modified_gmt":"2024-10-08T08:10:19","slug":"omcs-2024-ecoc-exhibition-came-to-a-successful-conclusion","status":"publish","type":"post","link":"https:\/\/www.omccable.com\/de\/omcs-2024-ecoc-exhibition-came-to-a-successful-conclusion\/","title":{"rendered":"Die ECOC-Ausstellung 2024 von OMC ging erfolgreich zu Ende"},"content":{"rendered":"<div class=\"flex-shrink-0 flex flex-col relative items-end\">\n<div>\n<div class=\"pt-0\">\n<div class=\"gizmo-bot-avatar flex h-8 w-8 items-center justify-center overflow-hidden rounded-full\">\n<div class=\"relative p-1 rounded-sm flex items-center justify-center bg-token-main-surface-primary text-token-text-primary h-8 w-8\"><span style=\"font-size: 16px;\">Wir f\u00fchlen uns geehrt, als Aussteller an der ECOC-Ausstellung 2024 in Deutschland teilgenommen zu haben, einer bedeutenden j\u00e4hrlichen Veranstaltung in der optischen Kommunikationsbranche. Die Ausstellung fand vom 23. bis 25. September 2024 statt und brachte Top-Experten der Branche und die neuesten technologischen Fortschritte aus der ganzen Welt zusammen.<\/span><\/div>\n<\/div>\n<\/div>\n<div>\u00a0<img fetchpriority=\"high\" decoding=\"async\" class=\"alignnone size-large wp-image-13087\" src=\"https:\/\/www.omcftth.com\/wp-content\/uploads\/2024\/10\/IMG_7664-768x1024.jpg\" alt=\"OMC's 2024 ECOC exhibition\" width=\"768\" height=\"1024\" \/><\/div>\n<div><img decoding=\"async\" class=\"alignnone size-large wp-image-13088\" style=\"font-style: inherit; font-weight: inherit;\" src=\"https:\/\/www.omcftth.com\/wp-content\/uploads\/2024\/10\/IMG_7820-1024x768.jpg\" alt=\"OMC's 2024 ECOC exhibition\" width=\"1024\" height=\"768\" \/><\/div>\n<\/div>\n<\/div>\n<div>W\u00e4hrend der Messe f\u00fchrten wir ausf\u00fchrliche Gespr\u00e4che mit Besuchern und anderen Ausstellern aus aller Welt. Durch diese Interaktionen haben wir Branchentrends, technologische Herausforderungen und zuk\u00fcnftige Chancen erkundet. Diese Veranstaltung st\u00e4rkte nicht nur unsere Branchenverbindungen, sondern lieferte uns auch wertvolles Marktfeedback, das uns dabei half, die Bed\u00fcrfnisse unserer Kunden besser zu erf\u00fcllen.<\/div>\n<div><\/div>\n<div>Um die Privatsph\u00e4re der Kunden zu sch\u00fctzen, haben wir einen Mosaikeffekt angewendet.<\/div>\n<div><img decoding=\"async\" class=\"alignnone size-large wp-image-13089\" src=\"https:\/\/www.omcftth.com\/wp-content\/uploads\/2024\/10\/122132123-1024x853.jpg\" alt=\"OMC's 2024 ECOC exhibition\" width=\"1024\" height=\"853\" \/><\/div>\n<div>\n<p>Wir danken allen Freunden und Partnern, die unseren Stand besucht haben, herzlich. Ihre Unterst\u00fctzung ist unsere treibende Kraft f\u00fcr kontinuierliche Innovation. Obwohl die Ausstellung zu Ende ist, werden unsere Erkundungen und Fortschritte nicht aufh\u00f6ren. Wir freuen uns auf die weitere Zusammenarbeit mit Ihnen bei zuk\u00fcnftigen Projekten, um gemeinsam die Entwicklung der optischen Kommunikationstechnologie voranzutreiben.<\/p>\n<p><img loading=\"lazy\" decoding=\"async\" class=\"alignnone size-large wp-image-13091\" src=\"https:\/\/www.omcftth.com\/wp-content\/uploads\/2024\/10\/IMG_8071-768x1024.jpg\" alt=\"OMC's 2024 ECOC exhibition\" width=\"768\" height=\"1024\" \/><\/p>\n<p><img loading=\"lazy\" decoding=\"async\" class=\"alignnone size-large wp-image-13090\" src=\"https:\/\/www.omcftth.com\/wp-content\/uploads\/2024\/10\/IMG_7994-1-768x1024.jpg\" alt=\"OMC's 2024 ECOC exhibition\" width=\"768\" height=\"1024\" \/><\/p>\n<p>Bitte bleiben Sie auf unserer Website auf dem Laufenden, um weitere Informationen zu unseren neuesten Technologien, Produkten und bevorstehenden Veranstaltungen zu erhalten.<\/p>\n<\/div>","protected":false},"excerpt":{"rendered":"<p>Wir f\u00fchlen uns geehrt, als Aussteller an der ECOC-Ausstellung 2024 in Deutschland teilgenommen zu haben, einer bedeutenden j\u00e4hrlichen Veranstaltung in der optischen Kommunikationsbranche. Die Ausstellung fand vom 23. bis 25. September 2024 statt und brachte Top-Experten der Branche und die neuesten technologischen Fortschritte aus der ganzen Welt zusammen.   W\u00e4hrend der Ausstellung besch\u00e4ftigten wir uns mit [\u2026]<\/p>","protected":false},"author":2,"featured_media":12382,"comment_status":"closed","ping_status":"closed","sticky":false,"template":"","format":"standard","meta":{"site-sidebar-layout":"default","site-content-layout":"","ast-site-content-layout":"default","site-content-style":"default","site-sidebar-style":"default","ast-global-header-display":"","ast-banner-title-visibility":"","ast-main-header-display":"","ast-hfb-above-header-display":"","ast-hfb-below-header-display":"","ast-hfb-mobile-header-display":"","site-post-title":"","ast-breadcrumbs-content":"","ast-featured-img":"","footer-sml-layout":"","theme-transparent-header-meta":"default","adv-header-id-meta":"","stick-header-meta":"default","header-above-stick-meta":"","header-main-stick-meta":"","header-below-stick-meta":"","astra-migrate-meta-layouts":"set","ast-page-background-enabled":"default","ast-page-background-meta":{"desktop":{"background-color":"var(--ast-global-color-4)","background-image":"","background-repeat":"repeat","background-position":"center center","background-size":"auto","background-attachment":"scroll","background-type":"","background-media":"","overlay-type":"","overlay-color":"","overlay-gradient":""},"tablet":{"background-color":"","background-image":"","background-repeat":"repeat","background-position":"center center","background-size":"auto","background-attachment":"scroll","background-type":"","background-media":"","overlay-type":"","overlay-color":"","overlay-gradient":""},"mobile":{"background-color":"","background-image":"","background-repeat":"repeat","background-position":"center center","background-size":"auto","background-attachment":"scroll","background-type":"","background-media":"","overlay-type":"","overlay-color":"","overlay-gradient":""}},"ast-content-background-meta":{"desktop":{"background-color":"var(--ast-global-color-5)","background-image":"","background-repeat":"repeat","background-position":"center center","background-size":"auto","background-attachment":"scroll","background-type":"","background-media":"","overlay-type":"","overlay-color":"","overlay-gradient":""},"tablet":{"background-color":"var(--ast-global-color-5)","background-image":"","background-repeat":"repeat","background-position":"center center","background-size":"auto","background-attachment":"scroll","background-type":"","background-media":"","overlay-type":"","overlay-color":"","overlay-gradient":""},"mobile":{"background-color":"var(--ast-global-color-5)","background-image":"","background-repeat":"repeat","background-position":"center center","background-size":"auto","background-attachment":"scroll","background-type":"","background-media":"","overlay-type":"","overlay-color":"","overlay-gradient":""}},"footnotes":""},"categories":[1],"tags":[],"class_list":["post-12381","post","type-post","status-publish","format-standard","has-post-thumbnail","hentry","category-news"],"acf":[],"_links":{"self":[{"href":"https:\/\/www.omccable.com\/de\/wp-json\/wp\/v2\/posts\/12381","targetHints":{"allow":["GET"]}}],"collection":[{"href":"https:\/\/www.omccable.com\/de\/wp-json\/wp\/v2\/posts"}],"about":[{"href":"https:\/\/www.omccable.com\/de\/wp-json\/wp\/v2\/types\/post"}],"author":[{"embeddable":true,"href":"https:\/\/www.omccable.com\/de\/wp-json\/wp\/v2\/users\/2"}],"replies":[{"embeddable":true,"href":"https:\/\/www.omccable.com\/de\/wp-json\/wp\/v2\/comments?post=12381"}],"version-history":[{"count":2,"href":"https:\/\/www.omccable.com\/de\/wp-json\/wp\/v2\/posts\/12381\/revisions"}],"predecessor-version":[{"id":12385,"href":"https:\/\/www.omccable.com\/de\/wp-json\/wp\/v2\/posts\/12381\/revisions\/12385"}],"wp:featuredmedia":[{"embeddable":true,"href":"https:\/\/www.omccable.com\/de\/wp-json\/wp\/v2\/media\/12382"}],"wp:attachment":[{"href":"https:\/\/www.omccable.com\/de\/wp-json\/wp\/v2\/media?parent=12381"}],"wp:term":[{"taxonomy":"category","embeddable":true,"href":"https:\/\/www.omccable.com\/de\/wp-json\/wp\/v2\/categories?post=12381"},{"taxonomy":"post_tag","embeddable":true,"href":"https:\/\/www.omccable.com\/de\/wp-json\/wp\/v2\/tags?post=12381"}],"curies":[{"name":"wp","href":"https:\/\/api.w.org\/{rel}","templated":true}]}}